{"id":498,"date":"2008-12-09T00:05:31","date_gmt":"2008-12-08T23:05:31","guid":{"rendered":"http:\/\/cornelia.siteware.ch\/blog\/wordpress\/?p=498"},"modified":"2008-12-09T22:50:35","modified_gmt":"2008-12-09T21:50:35","slug":"weihnachten-in-der-schweiz","status":"publish","type":"post","link":"http:\/\/cornelia.siteware.ch\/blog\/wordpress\/2008\/12\/09\/weihnachten-in-der-schweiz","title":{"rendered":"Weihnachten in der Schweiz"},"content":{"rendered":"<p><a href=\"http:\/\/landeskunde.wordpress.com\/2008\/12\/08\/adventskalender-und-kein-ende\/\">Ralf<\/a> hat mich gefragt, wie man in der Schweiz Weihnachten feiert. Statistisch gesehen m\u00f6gen die meisten Schweizer Weihnachten, feiern Zuhause und zwar meistens schon am Heiligabend. Mehr als die H\u00e4lfte der Schweizer isst an Weihnachten zu viel. Gesungen wird am liebsten &#8222;Stille Nacht&#8220;, gefolgt von &#8222;Oh du Fr\u00f6hliche&#8220; und &#8222;O Tannenbaum&#8220;. Aber 57 % der Schweizer singen an Weihnachten nicht.<\/p>\n<p>Das hat mich nicht besonders \u00fcberrascht. Die Daten entsprechen tats\u00e4chlich dem was ich erlebe. Schon eher verbl\u00fcfft hat mich die Tatsache, dass Schweizer H\u00fchner an Weihnachten &#8211; wie \u00fcbrigens auch an Ostern &#8211; ganz besonders viele Eier legen. Das ist so geplant, denn dann ist auch die Nachfrage h\u00f6her.<\/p>\n<p>Auch nicht gedacht h\u00e4tte ich, dass Christb\u00e4ume, die vorzugsweise mit Kugeln in den Farben Gold, Silber und Rot geschm\u00fcckt sind,\u00a0 in der Schweiz zwischen Weihnachten und Neujahr rund 1000 Mal brennen. Damit sind aber nicht etwa die Kerzen gemeint. 2003 entstand dabei ein Sachschaden von rund 25 Millionen Franken.<\/p>\n<p>Sprichw\u00f6rtlich weiss sind die Weihnachten bei uns im Mittelland \u00fcbrigens selten. <img decoding=\"async\" loading=\"lazy\" src=\"http:\/\/www.news.ch\/img\/1x1transp.gif\" border=\"0\" alt=\"\" width=\"10\" height=\"1\" \/>Im Durchschnitt ist Weihnachten nur alle vier Jahre so richtig und drei Tage lang weiss. In zwei von f\u00fcnf Jahren liegt aber mindestens an einem der drei Weihnachtsstage Schnee. Das ist doch immerhin etwas. In Bern stehen die Chancen auf Schnee \u00fcbrigens ein bisschen besser als in Z\u00fcrich. Da bin ich wohl in die falsche Richtung gezogen \ud83d\ude42<\/p>\n<p>Nachzulesen bei:<\/p>\n<ul>\n<li><a href=\"http:\/\/news.search.ch\/inland\/2005-12-15\/so-feiert-die-schweiz-weihnachten\">http:\/\/news.search.ch\/inland\/2005-12-15\/so-feiert-die-schweiz-weihnachten<\/a><\/li>\n<li><a href=\"http:\/\/www.bfu.ch\/German\/medien\/Seiten\/2004_.aspx\">http:\/\/www.bfu.ch\/German\/medien\/Seiten\/2004_.aspx<\/a><\/li>\n<li><a href=\"http:\/\/www.lid.ch\/de\/service\/statistiken-infografik\/archiv-statistiken\/?tx_lidcartoonstatistics_pi1[resultview]=1&amp;tx_lidcartoonstatistics_pi1[damuid]=10206&amp;cHash=acf538d6ae\">http:\/\/www.lid.ch\/de\/service\/statistiken-infografik\/archiv-statistiken\/?tx_lidcartoonstatistics_pi1[resultview]=1&amp;tx_lidcartoonstatistics_pi1[damuid]=10206&amp;cHash=acf538d6ae<\/a><\/li>\n<li><a href=\"http:\/\/www.news.ch\/Wenn+Frau+Holle+die+Weihnacht+meidet\/228416\/detail.htm\">http:\/\/www.news.ch\/Wenn+Frau+Holle+die+Weihnacht+meidet\/228416\/detail.htm<\/a><\/li>\n<\/ul>\n","protected":false},"excerpt":{"rendered":"<p>Ralf hat mich gefragt, wie man in der Schweiz Weihnachten feiert. Statistisch gesehen m\u00f6gen die meisten Schweizer Weihnachten, feiern Zuhause und zwar meistens schon am Heiligabend. Mehr als die H\u00e4lfte der Schweizer isst an Weihnachten zu viel. Gesungen wird am liebsten &#8222;Stille Nacht&#8220;, gefolgt von &#8222;Oh du Fr\u00f6hliche&#8220; und &#8222;O Tannenbaum&#8220;. Aber 57 % der Schweizer singen an Weihnachten nicht.<\/p>\n","protected":false},"author":24,"featured_media":0,"comment_status":"open","ping_status":"closed","sticky":false,"template":"","format":"standard","meta":{"footnotes":""},"categories":[11,16,25,26],"tags":[],"_links":{"self":[{"href":"http:\/\/cornelia.siteware.ch\/blog\/wordpress\/wp-json\/wp\/v2\/posts\/498"}],"collection":[{"href":"http:\/\/cornelia.siteware.ch\/blog\/wordpress\/wp-json\/wp\/v2\/posts"}],"about":[{"href":"http:\/\/cornelia.siteware.ch\/blog\/wordpress\/wp-json\/wp\/v2\/types\/post"}],"author":[{"embeddable":true,"href":"http:\/\/cornelia.siteware.ch\/blog\/wordpress\/wp-json\/wp\/v2\/users\/24"}],"replies":[{"embeddable":true,"href":"http:\/\/cornelia.siteware.ch\/blog\/wordpress\/wp-json\/wp\/v2\/comments?post=498"}],"version-history":[{"count":5,"href":"http:\/\/cornelia.siteware.ch\/blog\/wordpress\/wp-json\/wp\/v2\/posts\/498\/revisions"}],"predecessor-version":[{"id":501,"href":"http:\/\/cornelia.siteware.ch\/blog\/wordpress\/wp-json\/wp\/v2\/posts\/498\/revisions\/501"}],"wp:attachment":[{"href":"http:\/\/cornelia.siteware.ch\/blog\/wordpress\/wp-json\/wp\/v2\/media?parent=498"}],"wp:term":[{"taxonomy":"category","embeddable":true,"href":"http:\/\/cornelia.siteware.ch\/blog\/wordpress\/wp-json\/wp\/v2\/categories?post=498"},{"taxonomy":"post_tag","embeddable":true,"href":"http:\/\/cornelia.siteware.ch\/blog\/wordpress\/wp-json\/wp\/v2\/tags?post=498"}],"curies":[{"name":"wp","href":"https:\/\/api.w.org\/{rel}","templated":true}]}}