{"id":489,"date":"2008-12-06T10:28:48","date_gmt":"2008-12-06T09:28:48","guid":{"rendered":"http:\/\/cornelia.siteware.ch\/blog\/wordpress\/?p=489"},"modified":"2009-09-16T11:47:03","modified_gmt":"2009-09-16T10:47:03","slug":"adventskalender-2008","status":"publish","type":"post","link":"http:\/\/cornelia.siteware.ch\/blog\/wordpress\/2008\/12\/06\/adventskalender-2008","title":{"rendered":"Adventskalender 2008"},"content":{"rendered":"<p>Die Adventszeit hat schon begonnen und die ersten T\u00fcrchen sind schon auf, aber ich will euch doch noch ein paar Adventskalender nachliefern. Da die T\u00fcrchen offen bleiben, macht das St\u00f6bern in schon teilweise ge\u00f6ffneten Kalendern doch fast mehr Spass, nicht? \ud83d\ude42<\/p>\n<p>Joachim von Deutschlern.net macht zum zweiten Mal einen <a href=\"http:\/\/adventskalender.deutschlern.net\/\">Weihnachtskrimi<\/a>. Diesmal geht es um ein Feuer auf dem Weihnachtsmakrt. Das Goetheinstitut hat den Adventskalender <a href=\"http:\/\/www.goethe.de\/z\/pro\/advent06\/index.htm\">mit ausgewanderten deutschen W\u00f6rtern<\/a> gef\u00fcllt. Beim Hueberverlag gibt es ein <a href=\"http:\/\/www.hueber.de\/adventskalender\/\">Landeskunde Gewinnspiel<\/a>. Ende Advent f\u00fchrt die Reise sogar nach \u00d6sterreich und in die Schweiz.<a href=\"http:\/\/php.arte.tv\/avent2008\/?lang=de\"> Arte.tv<\/a> stellt Weihnachtsbr\u00e4uche in verschiedenen europ\u00e4ischen L\u00e4ndern vor. Diese Texte w\u00fcrden sich auch f\u00fcr den Unterricht (ab A2) eigenen. Auch eine Reise in die Vergangenheit ist m\u00f6glich: der Adventskalender der Landesbibliothek Berlin f\u00fchrt mit Texten und Bildern in das <a href=\"http:\/\/www.zlb.de\/projekte\/advent\/advent_index.html\">Berlin des 19. Jahrhunderts<\/a>.<\/p>\n<p>Weihnachtskalender gibt es auch mit T\u00f6nen und Bildern. Der ZdF bringt jeden Tag ein <a href=\"http:\/\/infokanal.zdf.de\/ZDFde\/inhalt\/10\/0,1872,7416426,00.html\">Interview mit jemandem, f\u00fcr den Weihnachten etwas besonderes bedeutet<\/a>. Bei der ARD gibt es einen <a href=\"http:\/\/advent.tagesschau.de\/\">Satireadventskalender<\/a> (von Extra3). Einige der Beitr\u00e4ge sind ziemlich heftig und viele sind auch nicht ganz einfach zu verstehen, aber f\u00fcr Leute ab B2+ sicher interessant. Humor und Sarkasmus zu verstehen ist schliesslich auch eine wichtige interkulturelle Kompetenz. Weihnachtliche Texte als Mp3 findet man bei <a href=\"http:\/\/www.adventskalender.net\/barrierefreier-adventskalender\/\">Adventskalender.net<\/a>. Die Texte stammen aus einer Kooperation mit <a href=\"http:\/\/vorleser.net\/html\/weihnachten_hoerbuecher.html\">Vorleser.net<\/a>. Transkriptionen gibt es keine. Der Spruch des Tages hat \u00fcbrigens nichts mit dem H\u00f6rtext zu tun.<\/p>\n<p>Nat\u00fcrlich gibt es viele Adventskalender, die sich speziell an Kinder richten. Einer davon stammt aus dem <a href=\"http:\/\/www.naturama.ch\/advent\/index.cfm\">Naturama in Aarau<\/a>. Jeden Tag gibt es eine Geschichte oder einen Ausschnitt aus einem Kinderbuch zum lesen und h\u00f6ren. Der <a href=\"http:\/\/www.nachrichtenfuerkinder.de\/n4k\/adventskalender\/\">Seitenstarkkalender<\/a> velinkt hinter seinen T\u00fcrchen Angebotene verschiedener Kinderseiten. Dazu geh\u00f6ren Texte zum Lesen ebenso wie interaktive Spiele.Der Adventskalender <a href=\"http:\/\/www.zebis.ch\/Advent\/2008\/advent.php\">vom Zentralschweizer Bildungsserver<\/a> enth\u00e4lt dagegen von Schulklassen geschriebene Geschichten, die als pdf heruntergeladen werden k\u00f6nnen. Die Geschichten sind zu einem Bildimpuls entstanden. Evtl. w\u00e4re das ja ein Projekt f\u00fcr eine Klasse und man k\u00f6nnte anschliessend die eigenen Geschichten durchjenigen der Schweizer Sch\u00fcler erg\u00e4nzen und evtl. Vergleiche anstellen.<\/p>\n<p>Zu guter Letzt will ich noch einen Adventskalender f\u00fcr Lehrer empfehlen. Der <a href=\"http:\/\/www.lehrer-online.de\/adventskalender2008.php\">Lehrer-online-Adventskalender <\/a>widmet sich dieses Jahr zwar dem Thema naturwissenschaften, aber ich finde es sehr interessant zu sehen, was im Bereich simulationen etc. inzwischen alles m\u00f6glich ist. \u00dcber den Zaun hinauszuschauen hat noch nie geschadet.<\/p>\n<p>Quellen: <a href=\"http:\/\/ludolingua.de\/2008\/11\/28\/adventskalender\/\">ludolingua<\/a>; <a href=\"http:\/\/www.educa.ch\/dyn\/196469.asp\">educa.ch<\/a>;<\/p>\n","protected":false},"excerpt":{"rendered":"<p>Die Adventszeit hat schon begonnen und die ersten T\u00fcrchen sind schon auf, aber ich will euch doch noch ein paar Adventskalender nachliefern. Da die T\u00fcrchen offen bleiben, macht das St\u00f6bern in schon teilweise ge\u00f6ffneten Kalendern doch fast mehr Spass, nicht? \ud83d\ude42<br \/>\nIm Beitrag findet ihr die Links und auch ein paar Ideen, was man damit im Unterricht evtl. anstellen k\u00f6nnte. <\/p>\n","protected":false},"author":24,"featured_media":0,"comment_status":"open","ping_status":"closed","sticky":false,"template":"","format":"standard","meta":{"footnotes":""},"categories":[11,16,24,25,26],"tags":[28,29,30,85,174,176,168,204,10,114,108,171],"_links":{"self":[{"href":"http:\/\/cornelia.siteware.ch\/blog\/wordpress\/wp-json\/wp\/v2\/posts\/489"}],"collection":[{"href":"http:\/\/cornelia.siteware.ch\/blog\/wordpress\/wp-json\/wp\/v2\/posts"}],"about":[{"href":"http:\/\/cornelia.siteware.ch\/blog\/wordpress\/wp-json\/wp\/v2\/types\/post"}],"author":[{"embeddable":true,"href":"http:\/\/cornelia.siteware.ch\/blog\/wordpress\/wp-json\/wp\/v2\/users\/24"}],"replies":[{"embeddable":true,"href":"http:\/\/cornelia.siteware.ch\/blog\/wordpress\/wp-json\/wp\/v2\/comments?post=489"}],"version-history":[{"count":4,"href":"http:\/\/cornelia.siteware.ch\/blog\/wordpress\/wp-json\/wp\/v2\/posts\/489\/revisions"}],"predecessor-version":[{"id":1497,"href":"http:\/\/cornelia.siteware.ch\/blog\/wordpress\/wp-json\/wp\/v2\/posts\/489\/revisions\/1497"}],"wp:attachment":[{"href":"http:\/\/cornelia.siteware.ch\/blog\/wordpress\/wp-json\/wp\/v2\/media?parent=489"}],"wp:term":[{"taxonomy":"category","embeddable":true,"href":"http:\/\/cornelia.siteware.ch\/blog\/wordpress\/wp-json\/wp\/v2\/categories?post=489"},{"taxonomy":"post_tag","embeddable":true,"href":"http:\/\/cornelia.siteware.ch\/blog\/wordpress\/wp-json\/wp\/v2\/tags?post=489"}],"curies":[{"name":"wp","href":"https:\/\/api.w.org\/{rel}","templated":true}]}}