{"id":3522,"date":"2017-08-07T13:39:08","date_gmt":"2017-08-07T12:39:08","guid":{"rendered":"http:\/\/cornelia.siteware.ch\/blog\/wordpress\/?p=3522"},"modified":"2018-05-08T19:57:38","modified_gmt":"2018-05-08T18:57:38","slug":"nach-der-idt-2017","status":"publish","type":"post","link":"http:\/\/cornelia.siteware.ch\/blog\/wordpress\/2017\/08\/07\/nach-der-idt-2017","title":{"rendered":"Nach der IDT 2017"},"content":{"rendered":"<p>Die IDT in Freiburg\/Fribourg ist vorbei.\u00a0 F\u00fcr die, die nicht da waren (oder sich schon zur\u00fcckerinnern wollen) ein paar Tipps:<\/p>\n<ul>\n<li>Videoloop &#8222;<strong><a href=\"http:\/\/idt-2017.ch\/index.php\/rahmenprogramm\/kulturprogramm\/e-videoloop\">Mein Br\u00fcckenschlag mit Deutsch<\/a><\/strong>&#8220; in dem Teilnehmende der IDT von einem entscheidenden Erlebnis beim Deutschlernen berichten:<\/li>\n<li>Mitglieder der Schweizer Verb\u00e4nde <a href=\"http:\/\/www.akdaf.ch\/\">AkDaF<\/a> und <a href=\"https:\/\/www.ledafids.ch\/\">Ledafis<\/a> haben, wie schon f\u00fcr die letzten IDTs, eine Sammlung mit Adressen rund um die Schweiz zusammengestellt. Die <strong>Zug\u00e4nge zur Schweiz 2017<\/strong> &#8211; bei denen ich dieses Mal auch selber mitgearbeitet habe &#8211; <a href=\"http:\/\/www.akdaf.ch\/html\/downloads\/zugaenge_2017.pdf\">kann man auch dieses Mal wieder gratis als PDF herunterladen<\/a>.<\/li>\n<li>Das<a href=\"https:\/\/www.goethe.de\/de\/spr\/mag\/idt.html\"><strong> Magazin Sprache<\/strong> hat eine Artikelreihe zu einigen Sektionen der IDT <\/a>ver\u00f6ffentlicht. Einer davon ist auch von mir: <a href=\"https:\/\/www.goethe.de\/de\/spr\/mag\/idt\/thi.html\">Selbstevaluierung im Unterricht: Da stehe ich, da will ich hin<\/a>.<\/li>\n<li>Zur IDT 2017 gibt es auch eine <strong>Resolution zur Sprachpolitik<\/strong> und zwar sowohl in einer <a href=\"https:\/\/www.idt-2017.ch\/docs\/resolution\/Freiburger_Resolution_IDT_2017_komplett.pdf\">Lang-<\/a> (7 Seiten) als auch einer <a href=\"https:\/\/www.idt-2017.ch\/docs\/resolution\/Freiburger_Resolution_IDT_2017.pdf\">Kurzfassung<\/a> (4 Seiten).<\/li>\n<\/ul>\n<p>Ich bin ehrlich gesagt vor allem froh, dass die IDT 2017 vorbei und gut \u00fcber die B\u00fchne gegangen ist. Da ich an der Organisation (im Bereich Sektionen) beteiligt war, hat sie mich ziemlich stark beansprucht (unter anderem deswegen ist mein Blog ziemlich verwaist) und ich hoffe und freue mich darauf, dass ich bald wieder Zeit f\u00fcr anderes habe.<\/p>\n<p>Aber wie sagt man so sch\u00f6n: Nach der IDT ist vor der IDT. 2021 gehtt sie nach <a href=\"http:\/\/idt-2021.at\/\">Wien<\/a> und darauf freue ich mich irgendwie jetzt schon.<\/p>\n","protected":false},"excerpt":{"rendered":"<p>Die IDT in Freiburg\/Fribourg ist vorbei.\u00a0 F\u00fcr die, die nicht da waren (oder sich schon zur\u00fcckerinnern wollen) ein paar Tipps: Videoloop &#8222;Mein Br\u00fcckenschlag mit Deutsch&#8220; in dem Teilnehmende der IDT von einem entscheidenden Erlebnis beim Deutschlernen berichten: Mitglieder der Schweizer Verb\u00e4nde AkDaF und Ledafis haben, wie schon f\u00fcr die letzten IDTs, eine Sammlung mit Adressen [&hellip;]<\/p>\n","protected":false},"author":24,"featured_media":0,"comment_status":"open","ping_status":"open","sticky":false,"template":"","format":"standard","meta":{"footnotes":""},"categories":[34,25,88],"tags":[],"_links":{"self":[{"href":"http:\/\/cornelia.siteware.ch\/blog\/wordpress\/wp-json\/wp\/v2\/posts\/3522"}],"collection":[{"href":"http:\/\/cornelia.siteware.ch\/blog\/wordpress\/wp-json\/wp\/v2\/posts"}],"about":[{"href":"http:\/\/cornelia.siteware.ch\/blog\/wordpress\/wp-json\/wp\/v2\/types\/post"}],"author":[{"embeddable":true,"href":"http:\/\/cornelia.siteware.ch\/blog\/wordpress\/wp-json\/wp\/v2\/users\/24"}],"replies":[{"embeddable":true,"href":"http:\/\/cornelia.siteware.ch\/blog\/wordpress\/wp-json\/wp\/v2\/comments?post=3522"}],"version-history":[{"count":2,"href":"http:\/\/cornelia.siteware.ch\/blog\/wordpress\/wp-json\/wp\/v2\/posts\/3522\/revisions"}],"predecessor-version":[{"id":3526,"href":"http:\/\/cornelia.siteware.ch\/blog\/wordpress\/wp-json\/wp\/v2\/posts\/3522\/revisions\/3526"}],"wp:attachment":[{"href":"http:\/\/cornelia.siteware.ch\/blog\/wordpress\/wp-json\/wp\/v2\/media?parent=3522"}],"wp:term":[{"taxonomy":"category","embeddable":true,"href":"http:\/\/cornelia.siteware.ch\/blog\/wordpress\/wp-json\/wp\/v2\/categories?post=3522"},{"taxonomy":"post_tag","embeddable":true,"href":"http:\/\/cornelia.siteware.ch\/blog\/wordpress\/wp-json\/wp\/v2\/tags?post=3522"}],"curies":[{"name":"wp","href":"https:\/\/api.w.org\/{rel}","templated":true}]}}