{"id":2023,"date":"2010-06-12T20:46:12","date_gmt":"2010-06-12T19:46:12","guid":{"rendered":"http:\/\/cornelia.siteware.ch\/blog\/wordpress\/?p=2023"},"modified":"2010-06-12T20:46:12","modified_gmt":"2010-06-12T19:46:12","slug":"kulturkonsum-der-schweizer","status":"publish","type":"post","link":"http:\/\/cornelia.siteware.ch\/blog\/wordpress\/2010\/06\/12\/kulturkonsum-der-schweizer","title":{"rendered":"Kulturkonsum der Schweizer"},"content":{"rendered":"<p>Als Jubil\u00e4umsbeitrag (heute 5 Jahre DaF-Blog!) diesmal ein Beitrag zum Kulturverhalten der Schweizer. Er erh\u00e4lt interessante Daten zu den Unterschieden zwischen den Sprachregionen und dazu, wie viele Leute regelm\u00e4ssig ins Kino, ins Theater oder in die Oper gehen. Bis ca. zur H\u00e4lfte geht es vor allem um die statistischen Ergebnisse. Dieser Teil eignet sich Durchaus schon f\u00fcr A2-Kurse. Sch\u00f6n ist zum Beispiel, das auf dem Bildschirm Prozentzahlen angzeigt werden, im Kommentar aber ausdr\u00fccke wie &#8222;fast die H\u00e4lfte&#8220;, &#8222;gut ein Drittel&#8220;, oder &#8222;rund ein F\u00fcnftel&#8220; verwendet werden. Der Beitrag eignet sich also auch, wenn es darum geht, einfaches statistisches Vokabular zu erarbeiten oder zu festigen. Im zweiten Teil geht es um die Faktoren, die Kulturkonsum beeinflussen. Deshalb ist er ein bisschen schwieriger.<br \/>\nIm zweimin\u00fctigen Beitrag kommt nur (Schweizer) Hochdeutsch vor. Am Schluss kommt noch ein kurzes Statement von einem Deutsch-als-Zweitsprache-Sprecher: Jean-Fr\u00e9d\u00e9ric Jauslin, Direktor des Bundesamts f\u00fcr Kultur. Der franz\u00f6sische Ausdruck &#8222;un certain plaisir&#8220; bedeutet das, was er unmittelbar vorher gesagt hat: ein gewisser Genuss.<br \/>\n<object style=\"width: 640px; height: 386px;\" classid=\"clsid:d27cdb6e-ae6d-11cf-96b8-444553540000\" width=\"100\" height=\"100\" codebase=\"http:\/\/download.macromedia.com\/pub\/shockwave\/cabs\/flash\/swflash.cab#version=6,0,40,0\"><param name=\"quality\" value=\"high\" \/><param name=\"allowFullScreen\" value=\"true\" \/><param name=\"src\" value=\"http:\/\/www.sf.tv\/videoplayer\/embed\/7f8ab5b9-ee44-4c0a-9bc3-74980e8c2cef\" \/><param name=\"allowfullscreen\" value=\"true\" \/><embed style=\"width: 640px; height: 386px;\" type=\"application\/x-shockwave-flash\" width=\"100\" height=\"100\" src=\"http:\/\/www.sf.tv\/videoplayer\/embed\/7f8ab5b9-ee44-4c0a-9bc3-74980e8c2cef\" allowfullscreen=\"true\" quality=\"high\"><\/embed><\/object><br \/>\nQuelle: http:\/\/videoportal.sf.tv\/video?id=7f8ab5b9-ee44-4c0a-9bc3-74980e8c2cef (Tagesschau 23.6.2009)<\/p>\n<p><strong>Befragung in der Klasse<\/strong><\/p>\n<p>Der Beitrag ist geradezu pr\u00e4destiniert dazu, mit einer Umfrage kombiniert zu werden. In der Klasse kann man die Arbeit aufteilen. Jeder bekommt eine Frage und befragt die anderen, wobei jeder auch selbst befragt wird. Anschliessend meldet jeder sein Ergebnis im Plenum zur\u00fcck. Wenn man ein paar geeignete Ausdr\u00fccke zur Verf\u00fcgung stellt (F\u00fcr die Auswertung zum Beispiel: X von Y Leuten &#8230;, Die H\u00e4lfte &#8230;) und die Fragen dem Niveau angepasst sind (Wie oft siehst du pro Woche fern? Magst du Fussball?) funktioniert dieses Prinzip \u00fcbrigens auch schon in A1-Kursen.<\/p>\n<p>In h\u00f6heren Klassen kann man zuerst Hypothesen aufstellen\u00a0 (was glaubt ihr, wie viele sagen &#8230;) lassen, die dann mit den Ergebnissen verglichen werden m\u00fcssen oder\u00a0 Vergleiche zu anderem Material ziehen (zum Beispiel\u00a0 der Film von diesem Beitrag, ein Text etc. Internationalen Klassen kann man die Auswertung auch nach Kontinenten machen lassen, aber man sollte aufpassen, dass das ganze nicht zu komplex wird. Befragung und Auswertung sollten m\u00f6glichst z\u00fcgig durchgef\u00fchrt werden.<\/p>\n<p><strong>Weiterf\u00fchrendes Material<\/strong><\/p>\n<p>Die genaueren Resultate der Studie findet ihr auf der <a href=\"http:\/\/www.bak.admin.ch\/aktuelles\/03026\/03038\/index.html?lang=de\">Seite des Bundesamts f\u00fcr Statistik<\/a>. Einen zusammenfassenden Kommentar findet ihr beim <a href=\"http:\/\/kulturblog.net\/2010\/03\/15\/schweizer-kulturverhalten\/\">Kulturblog<\/a>. Dort gibt es auch den Link zu den kurzgefassten Resultaten der im Beitrag erw\u00e4hnten EU-Studie. Eine intelligente \u00dcbersichtsseite dazu habe ich leider auch nach einigem rumsuchen nicht entdecken k\u00f6nnen. Falls ihr die also finden solltet, w\u00fcrde ich den Link dankbar entgegen nehmen.<\/p>\n","protected":false},"excerpt":{"rendered":"<p>Als Jubil\u00e4umsbeitrag (heute 5 Jahre DaF-Blog!) diesmal ein Beitrag zum Kulturverhalten der Schweizer. Er erh\u00e4lt interessante Daten zu den Unterschieden zwischen den Sprachregionen und dazu, wie viele Leute regelm\u00e4ssig ins Kino, ins Theater oder in die Oper gehen.<br \/>\nIm Blog Beitrag findet ihr ein paar Ideen f\u00fcr den Unterricht und weiterf\u00fchrendes Material f\u00fcr die Einbettung oder f\u00fcr Vergleiche. <\/p>\n","protected":false},"author":24,"featured_media":0,"comment_status":"open","ping_status":"open","sticky":false,"template":"","format":"standard","meta":{"footnotes":""},"categories":[11,16,24,25,26,33,41],"tags":[27,28,276,29,30,166,10,81],"_links":{"self":[{"href":"http:\/\/cornelia.siteware.ch\/blog\/wordpress\/wp-json\/wp\/v2\/posts\/2023"}],"collection":[{"href":"http:\/\/cornelia.siteware.ch\/blog\/wordpress\/wp-json\/wp\/v2\/posts"}],"about":[{"href":"http:\/\/cornelia.siteware.ch\/blog\/wordpress\/wp-json\/wp\/v2\/types\/post"}],"author":[{"embeddable":true,"href":"http:\/\/cornelia.siteware.ch\/blog\/wordpress\/wp-json\/wp\/v2\/users\/24"}],"replies":[{"embeddable":true,"href":"http:\/\/cornelia.siteware.ch\/blog\/wordpress\/wp-json\/wp\/v2\/comments?post=2023"}],"version-history":[{"count":2,"href":"http:\/\/cornelia.siteware.ch\/blog\/wordpress\/wp-json\/wp\/v2\/posts\/2023\/revisions"}],"predecessor-version":[{"id":2054,"href":"http:\/\/cornelia.siteware.ch\/blog\/wordpress\/wp-json\/wp\/v2\/posts\/2023\/revisions\/2054"}],"wp:attachment":[{"href":"http:\/\/cornelia.siteware.ch\/blog\/wordpress\/wp-json\/wp\/v2\/media?parent=2023"}],"wp:term":[{"taxonomy":"category","embeddable":true,"href":"http:\/\/cornelia.siteware.ch\/blog\/wordpress\/wp-json\/wp\/v2\/categories?post=2023"},{"taxonomy":"post_tag","embeddable":true,"href":"http:\/\/cornelia.siteware.ch\/blog\/wordpress\/wp-json\/wp\/v2\/tags?post=2023"}],"curies":[{"name":"wp","href":"https:\/\/api.w.org\/{rel}","templated":true}]}}