{"id":148,"date":"2006-04-16T11:21:04","date_gmt":"2006-04-16T09:21:04","guid":{"rendered":"http:\/\/cornelia.siteware.ch\/blog\/wordpress\/2006\/04\/16\/s-sachsilute-das-sechselauten"},"modified":"2006-04-25T20:59:01","modified_gmt":"2006-04-25T18:59:01","slug":"s-sachsilute-das-sechselauten","status":"publish","type":"post","link":"http:\/\/cornelia.siteware.ch\/blog\/wordpress\/2006\/04\/16\/s-sachsilute-das-sechselauten","title":{"rendered":"S S\u00e4chsil\u00fcte &#8211; das Sechsel\u00e4uten"},"content":{"rendered":"<p>Das Sechsel\u00e4uten  &#8211; oder <em>s S\u00e4chsil\u00fcte<\/em> wie man im Dialekt sagt &#8211; ist eine Z\u00fcrcher Spezialit\u00e4t. Man feiert dieses Fest nur in der Stadt Z\u00fcrich. Es ist ein Fr\u00fchlingsfest. Man will damit den Winter vertreiben.<\/p>\n<p>Das Sechsel\u00e4uten findet immer an einem Montag statt. Normalerweise ist es der dritte Montag im April. Aber wenn der dritte Montag wie dieses Jahr der Ostermontag ist, ist das S\u00e4chsel\u00e4uten eine Woche sp\u00e4ter. Deshalb findet das S\u00e4chsel\u00e4uten dieses Jahr am 24. April und nicht am 17. April statt.<\/p>\n<p>Am Sonntag vor dem Sechsel\u00e4uten gibt es einen Umzug f\u00fcr Kinder zwischen f\u00fcnf und f\u00fcnfzehn Jahren. Die Kinder tragen traditionelle Kost\u00fcme oder historische Uniformen (<a href=\"http:\/\/www.panoramajournal.ch\/events\/zuerich\/sechselaeuten\/02\/javalink.html\">Panoramabild vom Kinderumzug<\/a>).<br \/>\nDas eigentliche Sechsel\u00e4uten beginnt am Montag. Am Nachmittag findet der Zug der Z\u00fcnfte statt. Z\u00fcnfte waren im Mittelalter Vereinigungen von Handwerkern. Es gibt zum Beispiel die Zunft der B\u00e4cker, die Zunft der Scheider etc. Die Mitglieder sind aber heute meistens keine B\u00e4cker und Schneider mehr, sondern \u00c4rzte, Juristen oder Lehrer.<br \/>\nAlle tragen traditionelle Kost\u00fcme und Uniformen. Beim Umzug sind auch viele Pferde und Musikkappellen dabei. Der Umzug endet am See, auf der Sechsel\u00e4utenwiese in der N\u00e4he vom Bellvue (<a href=\"http:\/\/www.z-z-z.ch\/sechselauten\/umzug.php\">Umzugsroute<\/a>).<br \/>\nFrauen d\u00fcrfen nur als Ehreng\u00e4ste beim Umzug mitgehen. Letztes Jahr war das zum Beispiel Fiona Hefti, die Miss Schweiz 2005. Alle anderen Frauen \u00fcber f\u00fcnfzehn Jahren d\u00fcrfen nicht mitmachen. Deshalb organisiert die Z\u00fcrcher Frauenzunft einen eigenen Umzug. Er findet direkt vor dem Umzug der Z\u00fcnfte statt.<\/p>\n<p>Auf der Sechsel\u00e4utenwiese steht ein grosser Holzstapel. Auf diesem Scheiterhaufen steht eine Schneemannfigur, der <em>B\u00f6\u00f6g<\/em>. Er symbolisiert den Winter. Sein K\u00f6rper besteht aus Holzwolle, Stoff und Papiermach\u00e9. Sein Kopf ist mit Feuerwerk gef\u00fcllt. Der B\u00f6\u00f6g ist mehr als 3 Meter gross und wiegt ca. 100 Kilo.<br \/>\nUm Punkt sechs Uhr (= wenn es sechs Uhr l\u00e4utet) wird das Holz angez\u00fcndet. Die Reiter der verschiedenen Z\u00fcnfte reiten um das Feuer. Alle warten auf die Explosion. Wenn der Kopf des B\u00f6\u00f6gs schnell explodiert, wird der Sommer sch\u00f6n. Wenn es lange dauert, gibt es einen kalten und regnerischen Sommer (<a href=\"http:\/\/www.panoramajournal.ch\/events\/zuerich\/sechselaeuten\/index.html\">Panoramabilder vom Zug der Z\u00fcnfte und von der Verbrennung des B\u00f6\u00f6gs<\/a>).<br \/>\nSeit 1991 laden die Z\u00fcnfte jedes Jahr einen anderen Gastkanton ein. Dieser Kanton stellt sich am Sechsel\u00e4utenwochenende vor. Dieses Jahr ist es  mein Kanton, der <a href=\"http:\/\/www.ag.ch\/regierungsrat\/de\/pub\/aargau_am_s_chsil__te\/sechselaeuten.php\">Aargau<\/a>.<\/p>\n<p><strong>Linktipp:<\/strong> Tagesschau vom <a href=\"http:\/\/www.sf.tv\/sf1\/tagesschau\/index.php?docid=20050418\">18. April 2005<\/a>:  Der letzte Beitrag  (ganz unten auf der Seite) handelt vom Sechsel\u00e4uten.<\/p>\n","protected":false},"excerpt":{"rendered":"<p>Das Sechsel\u00e4uten &#8211; oder s S\u00e4chsil\u00fcte wie man im Dialekt sagt &#8211; ist eine Z\u00fcricher Spezialit\u00e4t. Man feiert dieses Fest nur in der Stadt Z\u00fcrich. Es ist ein Fr\u00fchlingsfest. Man will damit den Winter vertreiben.<\/p>\n","protected":false},"author":24,"featured_media":0,"comment_status":"open","ping_status":"open","sticky":false,"template":"","format":"standard","meta":{"footnotes":""},"categories":[11,16,25],"tags":[28,29],"_links":{"self":[{"href":"http:\/\/cornelia.siteware.ch\/blog\/wordpress\/wp-json\/wp\/v2\/posts\/148"}],"collection":[{"href":"http:\/\/cornelia.siteware.ch\/blog\/wordpress\/wp-json\/wp\/v2\/posts"}],"about":[{"href":"http:\/\/cornelia.siteware.ch\/blog\/wordpress\/wp-json\/wp\/v2\/types\/post"}],"author":[{"embeddable":true,"href":"http:\/\/cornelia.siteware.ch\/blog\/wordpress\/wp-json\/wp\/v2\/users\/24"}],"replies":[{"embeddable":true,"href":"http:\/\/cornelia.siteware.ch\/blog\/wordpress\/wp-json\/wp\/v2\/comments?post=148"}],"version-history":[{"count":0,"href":"http:\/\/cornelia.siteware.ch\/blog\/wordpress\/wp-json\/wp\/v2\/posts\/148\/revisions"}],"wp:attachment":[{"href":"http:\/\/cornelia.siteware.ch\/blog\/wordpress\/wp-json\/wp\/v2\/media?parent=148"}],"wp:term":[{"taxonomy":"category","embeddable":true,"href":"http:\/\/cornelia.siteware.ch\/blog\/wordpress\/wp-json\/wp\/v2\/categories?post=148"},{"taxonomy":"post_tag","embeddable":true,"href":"http:\/\/cornelia.siteware.ch\/blog\/wordpress\/wp-json\/wp\/v2\/tags?post=148"}],"curies":[{"name":"wp","href":"https:\/\/api.w.org\/{rel}","templated":true}]}}